{"id":575,"date":"2010-01-25T19:14:26","date_gmt":"2010-01-25T17:14:26","guid":{"rendered":"http:\/\/www.radio-tatenberg.de\/?p=575"},"modified":"2015-08-17T14:57:37","modified_gmt":"2015-08-17T13:57:37","slug":"ein-marchen-geht-uber-die-grenze-oder-ob-nord-ob-sud-alle-gleich","status":"publish","type":"post","link":"https:\/\/www.radio-tatenberg.de\/?p=575","title":{"rendered":"Ein Apfelm\u00e4rchen? &#8230;oder: Ob Nord ob S\u00fcd, alle gleich!"},"content":{"rendered":"<p>Moin Leudde,<\/p>\n<p>hier ist wieder euer M\u00e4rchenonkel. Dat K\u00e4the war mal wieder in Hude unterwegs. Wie es so ist, wenn man alte Freunde besucht h\u00f6rt man mal das eine und mal das andere. Schnell stellt sich oft dabei heraus, dass andere immer das Eine denken\u2026.<br \/>\nMomentan muss K\u00e4the \u00fcberlegen ob er nicht die Tapetenverk\u00e4uferin seines Vertrauens verklagen sollte. H\u00e4tte K\u00e4the das gewusst was er mit der \u2013seines Erachtens- lustigen Tapete verursacht\u2026.er h\u00e4tte\u2026noch eine gekauft!<\/p>\n<p><strong>Liebe Mitbewohner Spie\u00dferhausens, ihr seid echt krank!<\/strong><\/p>\n<p>Dat K\u00e4the hat n\u00e4mlich jetzt herausbekommen wie dieses Ger\u00fccht des wirren Treibens am S1 zustande gekommen sein muss.<\/p>\n<p>Erst einmal m\u00fcsst ihr nat\u00fcrlich wissen, das in dem Ort in welchem sich Spie\u00dferhausen befindet sowieso gerne gelabert wird. Wer mit wem und all so lustige Sachen, werden hier gerne unter vorgehaltener Hand diskutiert. Das Geile an der Sache ist, es diskutieren nur zwei Sorten von Menschen:<br \/>\n<strong>a<\/strong>: welche am st\u00e4rksten davon betroffen sind<br \/>\nund<br \/>\n<strong>b<\/strong>: die, welche eigentlich von nichts eine Ahnung haben.<br \/>\nUnd lasst euch eines sagen, von <strong>a<\/strong> gibt es fast mehr in diesem Ort als von <strong>b<\/strong>.<\/p>\n<p><em>Man, k\u00f6nnte ich euch Geschichten von <strong>a<\/strong> erz\u00e4hlen. Aber das will ich ja gar nicht\u2026 *g<\/em><\/p>\n<p>Bleiben wir mal ausnahmsweise bei <strong>b<\/strong>.<br \/>\nIhr Lieben, die von <strong>b<\/strong> m\u00e4chtig betroffen seid. Bei uns in Hude gibt es, glaube ich, zwei oder drei Optiker. Die k\u00f6nnen euch bestimmt weiter helfen. Die messen eure Augen durch und verpassen euch die n\u00f6tigen Augengl\u00e4ser. Verehrte Leser, mir ist klar das ihr mir nicht folgen k\u00f6nnt. Bitte liest weiter, dann erfahrt ihr die L\u00f6sung\u2026.<br \/>\nAlso ihr <strong>b\u00b4s<\/strong> dieser Welt. Wenn ihr eure Augengl\u00e4ser dann habt, geht ihr nochmal beim S1 vorbei und schaut (wie immer) gaffend ins rechte Fenster und somit in den dahinter befindlichen Raum. Das ist das, wo ihr im Moment noch behauptet da seien komische (versaute) Muster an der Wand.<br \/>\nIhr habt auch ein bisschen recht\u2026 Rote Muster! Pfui Deibel!<br \/>\nAber ich muss euch entt\u00e4uschen, was ihr wahrscheinlich f\u00fcr einen (in eurer Fantasie) Apfelarsch haltet entpuppt sich bei genauerem hinsehen nur als Apfel! <strong>B\u00c4TSCH!<\/strong> Ach ja und wof\u00fcr ihr die Birnen haltet, sagt es mir bitte, damit ich mit lachen kann\u2026.<br \/>\nEines muss ich euch <strong>b\u00b4s<\/strong> dieser Welt noch sagen: Ja, die Jalousie ist bei uns oft unten. Warum? Nicht weil wir ein kleines N\u00fcmmerchen schieben. Ne, weil uns euer Geglotze richtig auf die Eier geht!<\/p>\n<p>Wegen dem Titel dieser Geschichte bin ich dem Leser ja noch eine Erkl\u00e4rung schuldig. Dazu m\u00fcsst ihr wissen das dat K\u00e4the in Hude Nord wohnt. Aber K\u00e4the hat ja auch Bekannte in Hude S\u00fcd. Und da scheint es auch eine Menge <strong>b\u00b4s<\/strong> zu geben. Wie sonst k\u00f6nnten die darauf angesprochen werden was dat K\u00e4the in Hude Nord so treibt. (Ganz sch\u00f6n fleissig ihr <strong>b\u00b4s<\/strong> aus Hude Nord!)<br \/>\nSo, und nun lasst mich in Ruhe. Sonst schreib ich in Zukunft mal hier \u00fcber die <strong>a\u00b4s<\/strong>! (Aus Nord UND S\u00fcd)<br \/>\nUnd glaubt mir, das wird lustig\u2026. Ha Ha.<\/p>\n<p>F\u00fcr den verehrten Leser hier noch einmal der Stein des Ansto\u00dfes, das Tapetenmuster:<br \/>\n<a href=\"https:\/\/www.radio-tatenberg.de\/wp-content\/uploads\/2010\/01\/5-k5-e1439819745275.jpg\" rel=\"attachment wp-att-2320\"><img loading=\"lazy\" decoding=\"async\" class=\"aligncenter wp-image-2320\" src=\"https:\/\/www.radio-tatenberg.de\/wp-content\/uploads\/2010\/01\/5-k5-e1439819745275.jpg\" alt=\"5 k5\" width=\"600\" height=\"450\" \/><\/a><\/p>\n<p><a href=\"https:\/\/www.radio-tatenberg.de\/wp-content\/uploads\/2010\/01\/5-k1-e1439819833915.jpg\" rel=\"attachment wp-att-2322\"><img loading=\"lazy\" decoding=\"async\" class=\"aligncenter wp-image-2322\" src=\"https:\/\/www.radio-tatenberg.de\/wp-content\/uploads\/2010\/01\/5-k1-e1439819833915.jpg\" alt=\"\" width=\"600\" height=\"450\" \/><\/a><\/p>\n","protected":false},"excerpt":{"rendered":"<p>Moin Leudde, hier ist wieder euer M\u00e4rchenonkel. Dat K\u00e4the war mal wieder in Hude unterwegs. Wie es so ist, wenn man alte Freunde besucht h\u00f6rt man mal das eine und mal das andere. Schnell stellt sich oft dabei heraus, dass andere immer das Eine denken\u2026. Momentan muss K\u00e4the \u00fcberlegen ob er nicht die Tapetenverk\u00e4uferin seines Vertrauens verklagen sollte. H\u00e4tte K\u00e4the das gewusst was er mit der \u2013seines Erachtens- lustigen Tapete<\/p>\n<p><a class=\"more-link\" href=\"https:\/\/www.radio-tatenberg.de\/?p=575\">Weiterlesen<\/a><\/p>\n","protected":false},"author":1,"featured_media":0,"comment_status":"open","ping_status":"open","sticky":false,"template":"","format":"standard","meta":{"footnotes":"","_links_to":"","_links_to_target":""},"categories":[8,1],"tags":[],"class_list":["post-575","post","type-post","status-publish","format-standard","hentry","category-s1corner","category-thats-life-corner"],"aioseo_notices":[],"_links":{"self":[{"href":"https:\/\/www.radio-tatenberg.de\/index.php?rest_route=\/wp\/v2\/posts\/575","targetHints":{"allow":["GET"]}}],"collection":[{"href":"https:\/\/www.radio-tatenberg.de\/index.php?rest_route=\/wp\/v2\/posts"}],"about":[{"href":"https:\/\/www.radio-tatenberg.de\/index.php?rest_route=\/wp\/v2\/types\/post"}],"author":[{"embeddable":true,"href":"https:\/\/www.radio-tatenberg.de\/index.php?rest_route=\/wp\/v2\/users\/1"}],"replies":[{"embeddable":true,"href":"https:\/\/www.radio-tatenberg.de\/index.php?rest_route=%2Fwp%2Fv2%2Fcomments&post=575"}],"version-history":[{"count":5,"href":"https:\/\/www.radio-tatenberg.de\/index.php?rest_route=\/wp\/v2\/posts\/575\/revisions"}],"predecessor-version":[{"id":2323,"href":"https:\/\/www.radio-tatenberg.de\/index.php?rest_route=\/wp\/v2\/posts\/575\/revisions\/2323"}],"wp:attachment":[{"href":"https:\/\/www.radio-tatenberg.de\/index.php?rest_route=%2Fwp%2Fv2%2Fmedia&parent=575"}],"wp:term":[{"taxonomy":"category","embeddable":true,"href":"https:\/\/www.radio-tatenberg.de\/index.php?rest_route=%2Fwp%2Fv2%2Fcategories&post=575"},{"taxonomy":"post_tag","embeddable":true,"href":"https:\/\/www.radio-tatenberg.de\/index.php?rest_route=%2Fwp%2Fv2%2Ftags&post=575"}],"curies":[{"name":"wp","href":"https:\/\/api.w.org\/{rel}","templated":true}]}}