{"id":581,"date":"2010-01-29T11:50:11","date_gmt":"2010-01-29T09:50:11","guid":{"rendered":"http:\/\/www.radio-tatenberg.de\/?p=581"},"modified":"2015-08-17T14:53:44","modified_gmt":"2015-08-17T13:53:44","slug":"mal-wieder-was-lustiges-oder-substance-oder-kathe-wer-hat-es-zuerst","status":"publish","type":"post","link":"https:\/\/www.radio-tatenberg.de\/?p=581","title":{"rendered":"Mal wieder was lustiges!  &#8230;oder: Substance oder K\u00e4the wer hat es zuerst?"},"content":{"rendered":"<p>Moin Leudde,<\/p>\n<p>w\u00e4hrend K\u00e4the sich mal wieder in den Weiten des www umgeschaut hat, ist er auf etwas spannendes gestossen. Amazon bietet ein Buch an, welches erst im M\u00e4rz erscheinen wird. OK, das ist ja nun nichts ungew\u00f6hnliches.<br \/>\nEinige von euch denken bestimmt, Oh Gott, jetzt kommt wieder dieser Vogel aus dem Ruhrpott.<br \/>\n<strong>Richtig!!!<\/strong><br \/>\nMein Kumpel Michael bring ein Buch heraus. Jetzt werden nicht nur die CD\u00b4s geh\u00f6rt und die DVD\u00b4s gesehen. Jetzt wird auch gelesen.<br \/>\nIch frag mich nur wie dat K\u00e4the das mit seinem Kumpel Substance auf die Reihe kriegen will. Substance, gr\u00f6\u00dfter Wendler Fan aus Ohmstede, liebt es genau wie dat K\u00e4the bei einem Schluck weissem Heilwasser den Wendler zu h\u00f6ren oder zu sehen.<\/p>\n<p>Ich sehe mich schon im Sommer am Beach, wie wir uns gegenseitig was aus dem Buch vorlesen&#8230;<br \/>\nHA HA&#8230; \ud83d\ude42<\/p>\n<p><img loading=\"lazy\" decoding=\"async\" class=\"aligncenter wp-image-2318 size-full\" src=\"https:\/\/www.radio-tatenberg.de\/wp-content\/uploads\/2010\/01\/faust.jpg\" alt=\"\" width=\"322\" height=\"499\" srcset=\"https:\/\/www.radio-tatenberg.de\/wp-content\/uploads\/2010\/01\/faust.jpg 322w, https:\/\/www.radio-tatenberg.de\/wp-content\/uploads\/2010\/01\/faust-194x300.jpg 194w\" sizes=\"auto, (max-width: 322px) 100vw, 322px\" \/><\/p>\n<p><center><\/center><\/p>\n<h6 style=\"text-align: center;\">quelle: amazon.de<\/h6>\n<p>&nbsp;<\/p>\n","protected":false},"excerpt":{"rendered":"<p>Moin Leudde, w\u00e4hrend K\u00e4the sich mal wieder in den Weiten des www umgeschaut hat, ist er auf etwas spannendes gestossen. Amazon bietet ein Buch an, welches erst im M\u00e4rz erscheinen wird. OK, das ist ja nun nichts ungew\u00f6hnliches. Einige von euch denken bestimmt, Oh Gott, jetzt kommt wieder dieser Vogel aus dem Ruhrpott. Richtig!!! Mein Kumpel Michael bring ein Buch heraus. Jetzt werden nicht nur die CD\u00b4s geh\u00f6rt und die<\/p>\n<p><a class=\"more-link\" href=\"https:\/\/www.radio-tatenberg.de\/?p=581\">Weiterlesen<\/a><\/p>\n","protected":false},"author":1,"featured_media":0,"comment_status":"open","ping_status":"open","sticky":false,"template":"","format":"standard","meta":{"footnotes":"","_links_to":"","_links_to_target":""},"categories":[1],"tags":[],"class_list":["post-581","post","type-post","status-publish","format-standard","hentry","category-thats-life-corner"],"aioseo_notices":[],"_links":{"self":[{"href":"https:\/\/www.radio-tatenberg.de\/index.php?rest_route=\/wp\/v2\/posts\/581","targetHints":{"allow":["GET"]}}],"collection":[{"href":"https:\/\/www.radio-tatenberg.de\/index.php?rest_route=\/wp\/v2\/posts"}],"about":[{"href":"https:\/\/www.radio-tatenberg.de\/index.php?rest_route=\/wp\/v2\/types\/post"}],"author":[{"embeddable":true,"href":"https:\/\/www.radio-tatenberg.de\/index.php?rest_route=\/wp\/v2\/users\/1"}],"replies":[{"embeddable":true,"href":"https:\/\/www.radio-tatenberg.de\/index.php?rest_route=%2Fwp%2Fv2%2Fcomments&post=581"}],"version-history":[{"count":9,"href":"https:\/\/www.radio-tatenberg.de\/index.php?rest_route=\/wp\/v2\/posts\/581\/revisions"}],"predecessor-version":[{"id":2319,"href":"https:\/\/www.radio-tatenberg.de\/index.php?rest_route=\/wp\/v2\/posts\/581\/revisions\/2319"}],"wp:attachment":[{"href":"https:\/\/www.radio-tatenberg.de\/index.php?rest_route=%2Fwp%2Fv2%2Fmedia&parent=581"}],"wp:term":[{"taxonomy":"category","embeddable":true,"href":"https:\/\/www.radio-tatenberg.de\/index.php?rest_route=%2Fwp%2Fv2%2Fcategories&post=581"},{"taxonomy":"post_tag","embeddable":true,"href":"https:\/\/www.radio-tatenberg.de\/index.php?rest_route=%2Fwp%2Fv2%2Ftags&post=581"}],"curies":[{"name":"wp","href":"https:\/\/api.w.org\/{rel}","templated":true}]}}